{"id":859,"date":"2011-03-31T11:51:52","date_gmt":"2011-03-31T09:51:52","guid":{"rendered":"http:\/\/www.kanaren-virtuell.de\/news\/?p=859"},"modified":"2013-10-24T11:52:20","modified_gmt":"2013-10-24T09:52:20","slug":"teneriffa-festival-musitematico-in-la-orotava","status":"publish","type":"post","link":"https:\/\/www.kanaren-virtuell.de\/news\/teneriffa-festival-musitematico-in-la-orotava\/","title":{"rendered":"Teneriffa \u2013 Festival Musitematico in La Orotava"},"content":{"rendered":"<p>Die Kanareninsel Teneriffa \u00fcberzeugt Besucher nicht nur mit einladenden Str\u00e4nden und erkundungsw\u00fcrdigen Landschaften, sondern auch mit vielf\u00e4ltigen Veranstaltungen, die einen Aufenthalt noch abwechslungsreicher gestalten. In der Zeit vom 31. M\u00e4rz bis zum 17. April 2011 steht der Ort La Orotava ganz im Zeichen der Musik. Das Festival Musitematico j\u00e4hrt sich bereits zum f\u00fcnften Mal und z\u00e4hlt zu den absoluten Musik-Highlights der Insel, bei dem Anh\u00e4nger aller Musikrichtungen gleicherma\u00dfen auf ihre Kosten kommen. <\/p>\n<p>Besucher d\u00fcrfen sich an der Nordk\u00fcste Teneriffas auf einen abwechslungsreichen Konzertreigen mit bekannten K\u00fcnstlern, wie zum Beispiel Dulce Pontes und Ismael Serrano, freuen. Von Moderner Musik \u00fcber Flamenco bis hin zu klassischen Kl\u00e4ngen wird alles geboten. <\/p>\n","protected":false},"excerpt":{"rendered":"<p>Die Kanareninsel Teneriffa \u00fcberzeugt Besucher nicht nur mit einladenden Str\u00e4nden und erkundungsw\u00fcrdigen Landschaften, sondern auch mit vielf\u00e4ltigen Veranstaltungen, die einen Aufenthalt noch abwechslungsreicher gestalten. In der Zeit vom 31. M\u00e4rz bis zum 17. April 2011 steht der Ort La Orotava ganz im Zeichen der Musik. Das Festival Musitematico j\u00e4hrt sich bereits zum f\u00fcnften Mal und [&hellip;]<\/p>\n","protected":false},"author":2,"featured_media":0,"comment_status":"open","ping_status":"open","sticky":false,"template":"","format":"standard","meta":{"footnotes":""},"categories":[2],"tags":[],"class_list":["post-859","post","type-post","status-publish","format-standard","hentry","category-teneriffa"],"_links":{"self":[{"href":"https:\/\/www.kanaren-virtuell.de\/news\/wp-json\/wp\/v2\/posts\/859","targetHints":{"allow":["GET"]}}],"collection":[{"href":"https:\/\/www.kanaren-virtuell.de\/news\/wp-json\/wp\/v2\/posts"}],"about":[{"href":"https:\/\/www.kanaren-virtuell.de\/news\/wp-json\/wp\/v2\/types\/post"}],"author":[{"embeddable":true,"href":"https:\/\/www.kanaren-virtuell.de\/news\/wp-json\/wp\/v2\/users\/2"}],"replies":[{"embeddable":true,"href":"https:\/\/www.kanaren-virtuell.de\/news\/wp-json\/wp\/v2\/comments?post=859"}],"version-history":[{"count":1,"href":"https:\/\/www.kanaren-virtuell.de\/news\/wp-json\/wp\/v2\/posts\/859\/revisions"}],"predecessor-version":[{"id":860,"href":"https:\/\/www.kanaren-virtuell.de\/news\/wp-json\/wp\/v2\/posts\/859\/revisions\/860"}],"wp:attachment":[{"href":"https:\/\/www.kanaren-virtuell.de\/news\/wp-json\/wp\/v2\/media?parent=859"}],"wp:term":[{"taxonomy":"category","embeddable":true,"href":"https:\/\/www.kanaren-virtuell.de\/news\/wp-json\/wp\/v2\/categories?post=859"},{"taxonomy":"post_tag","embeddable":true,"href":"https:\/\/www.kanaren-virtuell.de\/news\/wp-json\/wp\/v2\/tags?post=859"}],"curies":[{"name":"wp","href":"https:\/\/api.w.org\/{rel}","templated":true}]}}