{"id":86,"date":"2007-03-20T14:18:49","date_gmt":"2007-03-20T12:18:49","guid":{"rendered":"http:\/\/www.kanaren-virtuell.de\/news\/?p=86"},"modified":"2013-10-15T14:19:21","modified_gmt":"2013-10-15T12:19:21","slug":"es-hat-geschneit-am-teide","status":"publish","type":"post","link":"https:\/\/www.kanaren-virtuell.de\/news\/es-hat-geschneit-am-teide\/","title":{"rendered":"Es hat geschneit am Teide"},"content":{"rendered":"<p>Nicht nur in Deutschland ist momentan der Winter hereingebrochen, sondern auch auf der &#8218;Insel des ewigen Fr\u00fchlings&#8216; herrscht Wetterchaos. Heftige Regenf\u00e4lle suchten vor allem den Norden der Insel heim. Einige Stra\u00dfen mu\u00dften wegen Erdrutschen gesperrt werden. Rund um Spaniens h\u00f6chsten Berg, den 3718 m hohen Teide, fiel am Wochenende sogar Schnee. In den Ca\u00f1adas mu\u00dften einige Autofahrer von der Polizei in Sicherheit gebracht werden.<\/p>\n","protected":false},"excerpt":{"rendered":"<p>Nicht nur in Deutschland ist momentan der Winter hereingebrochen, sondern auch auf der &#8218;Insel des ewigen Fr\u00fchlings&#8216; herrscht Wetterchaos. Heftige Regenf\u00e4lle suchten vor allem den Norden der Insel heim. Einige Stra\u00dfen mu\u00dften wegen Erdrutschen gesperrt werden. Rund um Spaniens h\u00f6chsten Berg, den 3718 m hohen Teide, fiel am Wochenende sogar Schnee. In den Ca\u00f1adas mu\u00dften [&hellip;]<\/p>\n","protected":false},"author":1,"featured_media":0,"comment_status":"open","ping_status":"open","sticky":false,"template":"","format":"standard","meta":{"footnotes":""},"categories":[2,11],"tags":[],"class_list":["post-86","post","type-post","status-publish","format-standard","hentry","category-teneriffa","category-wetter"],"_links":{"self":[{"href":"https:\/\/www.kanaren-virtuell.de\/news\/wp-json\/wp\/v2\/posts\/86","targetHints":{"allow":["GET"]}}],"collection":[{"href":"https:\/\/www.kanaren-virtuell.de\/news\/wp-json\/wp\/v2\/posts"}],"about":[{"href":"https:\/\/www.kanaren-virtuell.de\/news\/wp-json\/wp\/v2\/types\/post"}],"author":[{"embeddable":true,"href":"https:\/\/www.kanaren-virtuell.de\/news\/wp-json\/wp\/v2\/users\/1"}],"replies":[{"embeddable":true,"href":"https:\/\/www.kanaren-virtuell.de\/news\/wp-json\/wp\/v2\/comments?post=86"}],"version-history":[{"count":1,"href":"https:\/\/www.kanaren-virtuell.de\/news\/wp-json\/wp\/v2\/posts\/86\/revisions"}],"predecessor-version":[{"id":87,"href":"https:\/\/www.kanaren-virtuell.de\/news\/wp-json\/wp\/v2\/posts\/86\/revisions\/87"}],"wp:attachment":[{"href":"https:\/\/www.kanaren-virtuell.de\/news\/wp-json\/wp\/v2\/media?parent=86"}],"wp:term":[{"taxonomy":"category","embeddable":true,"href":"https:\/\/www.kanaren-virtuell.de\/news\/wp-json\/wp\/v2\/categories?post=86"},{"taxonomy":"post_tag","embeddable":true,"href":"https:\/\/www.kanaren-virtuell.de\/news\/wp-json\/wp\/v2\/tags?post=86"}],"curies":[{"name":"wp","href":"https:\/\/api.w.org\/{rel}","templated":true}]}}