{"id":899,"date":"2011-05-07T12:08:51","date_gmt":"2011-05-07T10:08:51","guid":{"rendered":"http:\/\/www.kanaren-virtuell.de\/news\/?p=899"},"modified":"2013-10-24T12:09:25","modified_gmt":"2013-10-24T10:09:25","slug":"landwirtschaftsmarkt-in-los-silos-auf-teneriffa","status":"publish","type":"post","link":"https:\/\/www.kanaren-virtuell.de\/news\/landwirtschaftsmarkt-in-los-silos-auf-teneriffa\/","title":{"rendered":"Landwirtschaftsmarkt in Los Silos auf Teneriffa"},"content":{"rendered":"<p>Der Ort <a href=\"http:\/\/www.kanaren-virtuell.de\/teneriffa_2\/orte\/lossilos.htm\">Los Silos<\/a>, im Nordwesten der Kanareninsel Teneriffa, dessen Gemeindegebiet sich von der K\u00fcste bis hinauf in die kontrastreiche Bergwelt erstreckt, ist ein beliebtes Ziel f\u00fcr Urlauber. Das Zentrum des Ortes bildet die Plaza de la Luz, die mit altem Baumbestand und der Nuestra Senora de la Luz echten kanarischen Charme verspr\u00fcht. Genau auf diesem Platz findet am kommenden Sonntag der traditionelle Landwirtschaftsmarkt statt, der mit buntem Rahmenprogramm zu unterhaltsamen Stunden einl\u00e4dt. <\/p>\n<p>Hier kann man sich \u00fcber die inseltypischen Landwirtschaftserzeugnisse informieren und diese nat\u00fcrlich auch kaufen. F\u00fcr das leibliche Wohl der Besucher ist ebenfalls gesorgt, sodass sich ein Abstecher nach Los Silos im <a href=\"http:\/\/www.kanaren-virtuell.de\/teneriffa_2\/orte\/regio_nordwesten.htm\">Nordwesten Teneriffas<\/a> auf jeden Fall lohnen wird. <\/p>\n","protected":false},"excerpt":{"rendered":"<p>Der Ort Los Silos, im Nordwesten der Kanareninsel Teneriffa, dessen Gemeindegebiet sich von der K\u00fcste bis hinauf in die kontrastreiche Bergwelt erstreckt, ist ein beliebtes Ziel f\u00fcr Urlauber. Das Zentrum des Ortes bildet die Plaza de la Luz, die mit altem Baumbestand und der Nuestra Senora de la Luz echten kanarischen Charme verspr\u00fcht. Genau auf [&hellip;]<\/p>\n","protected":false},"author":2,"featured_media":0,"comment_status":"open","ping_status":"open","sticky":false,"template":"","format":"standard","meta":{"footnotes":""},"categories":[2],"tags":[],"class_list":["post-899","post","type-post","status-publish","format-standard","hentry","category-teneriffa"],"_links":{"self":[{"href":"https:\/\/www.kanaren-virtuell.de\/news\/wp-json\/wp\/v2\/posts\/899","targetHints":{"allow":["GET"]}}],"collection":[{"href":"https:\/\/www.kanaren-virtuell.de\/news\/wp-json\/wp\/v2\/posts"}],"about":[{"href":"https:\/\/www.kanaren-virtuell.de\/news\/wp-json\/wp\/v2\/types\/post"}],"author":[{"embeddable":true,"href":"https:\/\/www.kanaren-virtuell.de\/news\/wp-json\/wp\/v2\/users\/2"}],"replies":[{"embeddable":true,"href":"https:\/\/www.kanaren-virtuell.de\/news\/wp-json\/wp\/v2\/comments?post=899"}],"version-history":[{"count":1,"href":"https:\/\/www.kanaren-virtuell.de\/news\/wp-json\/wp\/v2\/posts\/899\/revisions"}],"predecessor-version":[{"id":900,"href":"https:\/\/www.kanaren-virtuell.de\/news\/wp-json\/wp\/v2\/posts\/899\/revisions\/900"}],"wp:attachment":[{"href":"https:\/\/www.kanaren-virtuell.de\/news\/wp-json\/wp\/v2\/media?parent=899"}],"wp:term":[{"taxonomy":"category","embeddable":true,"href":"https:\/\/www.kanaren-virtuell.de\/news\/wp-json\/wp\/v2\/categories?post=899"},{"taxonomy":"post_tag","embeddable":true,"href":"https:\/\/www.kanaren-virtuell.de\/news\/wp-json\/wp\/v2\/tags?post=899"}],"curies":[{"name":"wp","href":"https:\/\/api.w.org\/{rel}","templated":true}]}}