{"id":919,"date":"2011-05-31T12:16:34","date_gmt":"2011-05-31T10:16:34","guid":{"rendered":"http:\/\/www.kanaren-virtuell.de\/news\/?p=919"},"modified":"2013-10-24T12:17:03","modified_gmt":"2013-10-24T10:17:03","slug":"teneriffa-patronatsfest-in-granadilla-de-abona","status":"publish","type":"post","link":"https:\/\/www.kanaren-virtuell.de\/news\/teneriffa-patronatsfest-in-granadilla-de-abona\/","title":{"rendered":"Teneriffa \u2013 Patronatsfest in Granadilla de Abona"},"content":{"rendered":"<p><a href=\"http:\/\/www.kanaren-virtuell.de\/teneriffa_2\/orte\/granadilla.htm\">Granadilla de Abona<\/a> liegt im <a href=\"http:\/\/www.kanaren-virtuell.de\/teneriffa_2\/orte\/regio_sueden.htm\">S\u00fcden der Ferieninsel Teneriffa<\/a> und l\u00e4dt in den n\u00e4chsten zwei Wochen zu einem abwechslungsreichen Veranstaltungsprogramm ein. Noch bis zum 13. Juni 2011 werden hier im Rahmen des Patronatsfestes zahlreiche Feierlichkeiten zu Ehren von San Antonio de Padua stattfinden, die f\u00fcr jedes Alter und jeden Geschmack etwas bereit halten. Geplant sind unter anderem verschiedene Sportveranstaltungen, Rock-Konzerte und spannende Events f\u00fcr Kinder. <\/p>\n<p>Die Wahl der Festk\u00f6nigin findet am 2. Juni statt. Die XIII. Kanarische Kunstmesse am 4. und 5. Juni wird ebenfalls viele Besucher und Kunstkenner anlocken. Am 4. Juni d\u00fcrfen sich Musikfreunde auf das Konzert Abona Rock 2011 freuen. Einer der H\u00f6hepunkte des Patronatsfestes ist nat\u00fcrlich die Romeria zu Ehren San Antonio de Padua, die am 5. Juni um 13.30 Uhr auf dem Kirchplatz beginnt und mit einem gro\u00dfen Umzug durch die Stra\u00dfen Granadillas f\u00fchrt. <\/p>\n","protected":false},"excerpt":{"rendered":"<p>Granadilla de Abona liegt im S\u00fcden der Ferieninsel Teneriffa und l\u00e4dt in den n\u00e4chsten zwei Wochen zu einem abwechslungsreichen Veranstaltungsprogramm ein. Noch bis zum 13. Juni 2011 werden hier im Rahmen des Patronatsfestes zahlreiche Feierlichkeiten zu Ehren von San Antonio de Padua stattfinden, die f\u00fcr jedes Alter und jeden Geschmack etwas bereit halten. Geplant sind [&hellip;]<\/p>\n","protected":false},"author":2,"featured_media":0,"comment_status":"open","ping_status":"open","sticky":false,"template":"","format":"standard","meta":{"footnotes":""},"categories":[2],"tags":[],"class_list":["post-919","post","type-post","status-publish","format-standard","hentry","category-teneriffa"],"_links":{"self":[{"href":"https:\/\/www.kanaren-virtuell.de\/news\/wp-json\/wp\/v2\/posts\/919","targetHints":{"allow":["GET"]}}],"collection":[{"href":"https:\/\/www.kanaren-virtuell.de\/news\/wp-json\/wp\/v2\/posts"}],"about":[{"href":"https:\/\/www.kanaren-virtuell.de\/news\/wp-json\/wp\/v2\/types\/post"}],"author":[{"embeddable":true,"href":"https:\/\/www.kanaren-virtuell.de\/news\/wp-json\/wp\/v2\/users\/2"}],"replies":[{"embeddable":true,"href":"https:\/\/www.kanaren-virtuell.de\/news\/wp-json\/wp\/v2\/comments?post=919"}],"version-history":[{"count":1,"href":"https:\/\/www.kanaren-virtuell.de\/news\/wp-json\/wp\/v2\/posts\/919\/revisions"}],"predecessor-version":[{"id":920,"href":"https:\/\/www.kanaren-virtuell.de\/news\/wp-json\/wp\/v2\/posts\/919\/revisions\/920"}],"wp:attachment":[{"href":"https:\/\/www.kanaren-virtuell.de\/news\/wp-json\/wp\/v2\/media?parent=919"}],"wp:term":[{"taxonomy":"category","embeddable":true,"href":"https:\/\/www.kanaren-virtuell.de\/news\/wp-json\/wp\/v2\/categories?post=919"},{"taxonomy":"post_tag","embeddable":true,"href":"https:\/\/www.kanaren-virtuell.de\/news\/wp-json\/wp\/v2\/tags?post=919"}],"curies":[{"name":"wp","href":"https:\/\/api.w.org\/{rel}","templated":true}]}}