{"id":921,"date":"2011-06-02T12:17:31","date_gmt":"2011-06-02T10:17:31","guid":{"rendered":"http:\/\/www.kanaren-virtuell.de\/news\/?p=921"},"modified":"2013-10-24T12:18:08","modified_gmt":"2013-10-24T10:18:08","slug":"teneriffa-schaufenster-von-la-laguna-werden-zum-museum","status":"publish","type":"post","link":"https:\/\/www.kanaren-virtuell.de\/news\/teneriffa-schaufenster-von-la-laguna-werden-zum-museum\/","title":{"rendered":"Teneriffa \u2013 Schaufenster von La Laguna werden zum Museum"},"content":{"rendered":"<p>Als ehemalige Hauptstadt der Kanareninsel Teneriffa lockt <a href=\"http:\/\/www.kanaren-virtuell.de\/teneriffa_2\/orte\/laguna.htm\">La Laguna<\/a> auch heute noch zahlreiche Besucher an. Die historische Altstadt z\u00e4hlt nicht nur zum Weltkulturerbe der UNESCO, sondern h\u00e4lt auch viele Sehensw\u00fcrdigkeiten und inseltypisches Flair f\u00fcr Urlauber bereit. Bei einem Bummel durch die verwinkelten Gassen des Ortes kann man in der n\u00e4chsten Zeit sogar Wissenswertes \u00fcber die Geschichte der Insel erfahren, denn die Schaufenster der Gesch\u00e4fte werden kurzerhand zum Museum umfunktioniert. <\/p>\n<p>In Kooperation mit dem Geschichts- und Anthropologie Museum von La Laguna stellen die Gesch\u00e4fte in der Fu\u00dfg\u00e4ngerzone in ihren Schaufenstern verschiedenste St\u00fccke aus, die den Besuchern die <a href=\"http:\/\/www.kanaren-virtuell.de\/teneriffa_2\/a-z\/info1.htm#Geschichte\">Geschichte Teneriffas<\/a> n\u00e4herbringen sollen. <\/p>\n","protected":false},"excerpt":{"rendered":"<p>Als ehemalige Hauptstadt der Kanareninsel Teneriffa lockt La Laguna auch heute noch zahlreiche Besucher an. Die historische Altstadt z\u00e4hlt nicht nur zum Weltkulturerbe der UNESCO, sondern h\u00e4lt auch viele Sehensw\u00fcrdigkeiten und inseltypisches Flair f\u00fcr Urlauber bereit. Bei einem Bummel durch die verwinkelten Gassen des Ortes kann man in der n\u00e4chsten Zeit sogar Wissenswertes \u00fcber die [&hellip;]<\/p>\n","protected":false},"author":2,"featured_media":0,"comment_status":"open","ping_status":"open","sticky":false,"template":"","format":"standard","meta":{"footnotes":""},"categories":[2],"tags":[],"class_list":["post-921","post","type-post","status-publish","format-standard","hentry","category-teneriffa"],"_links":{"self":[{"href":"https:\/\/www.kanaren-virtuell.de\/news\/wp-json\/wp\/v2\/posts\/921","targetHints":{"allow":["GET"]}}],"collection":[{"href":"https:\/\/www.kanaren-virtuell.de\/news\/wp-json\/wp\/v2\/posts"}],"about":[{"href":"https:\/\/www.kanaren-virtuell.de\/news\/wp-json\/wp\/v2\/types\/post"}],"author":[{"embeddable":true,"href":"https:\/\/www.kanaren-virtuell.de\/news\/wp-json\/wp\/v2\/users\/2"}],"replies":[{"embeddable":true,"href":"https:\/\/www.kanaren-virtuell.de\/news\/wp-json\/wp\/v2\/comments?post=921"}],"version-history":[{"count":1,"href":"https:\/\/www.kanaren-virtuell.de\/news\/wp-json\/wp\/v2\/posts\/921\/revisions"}],"predecessor-version":[{"id":922,"href":"https:\/\/www.kanaren-virtuell.de\/news\/wp-json\/wp\/v2\/posts\/921\/revisions\/922"}],"wp:attachment":[{"href":"https:\/\/www.kanaren-virtuell.de\/news\/wp-json\/wp\/v2\/media?parent=921"}],"wp:term":[{"taxonomy":"category","embeddable":true,"href":"https:\/\/www.kanaren-virtuell.de\/news\/wp-json\/wp\/v2\/categories?post=921"},{"taxonomy":"post_tag","embeddable":true,"href":"https:\/\/www.kanaren-virtuell.de\/news\/wp-json\/wp\/v2\/tags?post=921"}],"curies":[{"name":"wp","href":"https:\/\/api.w.org\/{rel}","templated":true}]}}