{"id":927,"date":"2011-06-09T12:19:58","date_gmt":"2011-06-09T10:19:58","guid":{"rendered":"http:\/\/www.kanaren-virtuell.de\/news\/?p=927"},"modified":"2013-10-24T12:20:43","modified_gmt":"2013-10-24T10:20:43","slug":"teneriffa-erlebnisreiche-strandtage-in-el-medano","status":"publish","type":"post","link":"https:\/\/www.kanaren-virtuell.de\/news\/teneriffa-erlebnisreiche-strandtage-in-el-medano\/","title":{"rendered":"Teneriffa \u2013 Erlebnisreiche Strandtage in El Medano"},"content":{"rendered":"<p>Der <a href=\"http:\/\/www.kanaren-virtuell.de\/teneriffa_2\/strand\/medano.htm\">Strand von El Medano im S\u00fcden der Ferieninsel Teneriffa<\/a> ist einer der sch\u00f6nsten hellen Sandstr\u00e4nde der Insel. Auf einer L\u00e4nge von knapp drei Kilometern erstreckt sich die Playa del Medano vom Ortsrand bis hin zum unter Naturschutz stehenden Montana Roja, der herrliche Ausblicke \u00fcber <a href=\"http:\/\/www.kanaren-virtuell.de\/teneriffa_2\/orte\/medano.htm\">El Medano<\/a> und die K\u00fcste bereith\u00e4lt. Der Strand ist ein gro\u00dfer Anziehungspunkt f\u00fcr Surfer, die hier ideale Windverh\u00e4ltnisse vorfinden. <\/p>\n<p> <img decoding=\"async\" src=\"http:\/\/www.kanaren-virtuell.de\/diashow_12\/images\/tf_1819.jpg\" alt=\"Am Strand von El Medano \" \/> <\/p>\n<p>Aber auch Familien mit Kindern bietet sich an der Playa del Medano ein optimales Terrain f\u00fcr erholsame Strandtage. F\u00fcr das leibliche Wohl sorgen diverse Dienstleister an der Strandpromenade, die f\u00fcr jeden Geldbeutel etwas bereithalten. Wassersportler, Sonnenanbeter und Spazierg\u00e4nger kommen an der Playa del Medano gleicherma\u00dfen auf ihre Kosten. <\/p>\n","protected":false},"excerpt":{"rendered":"<p>Der Strand von El Medano im S\u00fcden der Ferieninsel Teneriffa ist einer der sch\u00f6nsten hellen Sandstr\u00e4nde der Insel. Auf einer L\u00e4nge von knapp drei Kilometern erstreckt sich die Playa del Medano vom Ortsrand bis hin zum unter Naturschutz stehenden Montana Roja, der herrliche Ausblicke \u00fcber El Medano und die K\u00fcste bereith\u00e4lt. Der Strand ist ein [&hellip;]<\/p>\n","protected":false},"author":2,"featured_media":0,"comment_status":"open","ping_status":"open","sticky":false,"template":"","format":"standard","meta":{"footnotes":""},"categories":[2],"tags":[],"class_list":["post-927","post","type-post","status-publish","format-standard","hentry","category-teneriffa"],"_links":{"self":[{"href":"https:\/\/www.kanaren-virtuell.de\/news\/wp-json\/wp\/v2\/posts\/927","targetHints":{"allow":["GET"]}}],"collection":[{"href":"https:\/\/www.kanaren-virtuell.de\/news\/wp-json\/wp\/v2\/posts"}],"about":[{"href":"https:\/\/www.kanaren-virtuell.de\/news\/wp-json\/wp\/v2\/types\/post"}],"author":[{"embeddable":true,"href":"https:\/\/www.kanaren-virtuell.de\/news\/wp-json\/wp\/v2\/users\/2"}],"replies":[{"embeddable":true,"href":"https:\/\/www.kanaren-virtuell.de\/news\/wp-json\/wp\/v2\/comments?post=927"}],"version-history":[{"count":1,"href":"https:\/\/www.kanaren-virtuell.de\/news\/wp-json\/wp\/v2\/posts\/927\/revisions"}],"predecessor-version":[{"id":928,"href":"https:\/\/www.kanaren-virtuell.de\/news\/wp-json\/wp\/v2\/posts\/927\/revisions\/928"}],"wp:attachment":[{"href":"https:\/\/www.kanaren-virtuell.de\/news\/wp-json\/wp\/v2\/media?parent=927"}],"wp:term":[{"taxonomy":"category","embeddable":true,"href":"https:\/\/www.kanaren-virtuell.de\/news\/wp-json\/wp\/v2\/categories?post=927"},{"taxonomy":"post_tag","embeddable":true,"href":"https:\/\/www.kanaren-virtuell.de\/news\/wp-json\/wp\/v2\/tags?post=927"}],"curies":[{"name":"wp","href":"https:\/\/api.w.org\/{rel}","templated":true}]}}