{"id":979,"date":"2011-08-09T11:46:40","date_gmt":"2011-08-09T09:46:40","guid":{"rendered":"http:\/\/www.kanaren-virtuell.de\/news\/?p=979"},"modified":"2013-10-25T11:47:09","modified_gmt":"2013-10-25T09:47:09","slug":"teneriffa-drago-milenario-steht-in-bluete","status":"publish","type":"post","link":"https:\/\/www.kanaren-virtuell.de\/news\/teneriffa-drago-milenario-steht-in-bluete\/","title":{"rendered":"Teneriffa &#8211; \u201eDrago Milenario\u201c steht in Bl\u00fcte"},"content":{"rendered":"<p>Der \u201eDrago Milenario\u201c, der \u00e4lteste Drachenbaum der Kanaren, z\u00e4hlt zu den bedeutendsten Sehensw\u00fcrdigkeiten Teneriffas und bildet somit ein beliebtes Ausflugsziel f\u00fcr Touristen. Bestaunen kann man ihn im Parque del Drago in <a href=\"http:\/\/www.kanaren-virtuell.de\/teneriffa_2\/orte\/icod.htm\">Icod de los Vinos<\/a> im Norden der Insel. Der ber\u00fchmte Baum weist mit 16 Metern H\u00f6he und einem Umfang von etwa sechs Metern eine gewaltige Gr\u00f6\u00dfe auf. Zurzeit soll der \u201eDrago Milenario\u201c Bl\u00fcten tragen und somit ein besonders gefragtes Fotomotiv darstellen. <\/p>\n<p>Das au\u00dfergew\u00f6hnliche ist, dass der Baum dieses Mal bereits nach vier Jahren erneut bl\u00fcht, obwohl dies eigentlich nur etwa alle 15 Jahre der Fall ist. Verantwortlich hierf\u00fcr sind wohl die besonderen Wetterverh\u00e4ltnisse der vergangenen Jahre und vermehrte Niederschl\u00e4ge. <\/p>\n","protected":false},"excerpt":{"rendered":"<p>Der \u201eDrago Milenario\u201c, der \u00e4lteste Drachenbaum der Kanaren, z\u00e4hlt zu den bedeutendsten Sehensw\u00fcrdigkeiten Teneriffas und bildet somit ein beliebtes Ausflugsziel f\u00fcr Touristen. Bestaunen kann man ihn im Parque del Drago in Icod de los Vinos im Norden der Insel. Der ber\u00fchmte Baum weist mit 16 Metern H\u00f6he und einem Umfang von etwa sechs Metern eine [&hellip;]<\/p>\n","protected":false},"author":2,"featured_media":0,"comment_status":"open","ping_status":"open","sticky":false,"template":"","format":"standard","meta":{"footnotes":""},"categories":[2],"tags":[],"class_list":["post-979","post","type-post","status-publish","format-standard","hentry","category-teneriffa"],"_links":{"self":[{"href":"https:\/\/www.kanaren-virtuell.de\/news\/wp-json\/wp\/v2\/posts\/979","targetHints":{"allow":["GET"]}}],"collection":[{"href":"https:\/\/www.kanaren-virtuell.de\/news\/wp-json\/wp\/v2\/posts"}],"about":[{"href":"https:\/\/www.kanaren-virtuell.de\/news\/wp-json\/wp\/v2\/types\/post"}],"author":[{"embeddable":true,"href":"https:\/\/www.kanaren-virtuell.de\/news\/wp-json\/wp\/v2\/users\/2"}],"replies":[{"embeddable":true,"href":"https:\/\/www.kanaren-virtuell.de\/news\/wp-json\/wp\/v2\/comments?post=979"}],"version-history":[{"count":1,"href":"https:\/\/www.kanaren-virtuell.de\/news\/wp-json\/wp\/v2\/posts\/979\/revisions"}],"predecessor-version":[{"id":980,"href":"https:\/\/www.kanaren-virtuell.de\/news\/wp-json\/wp\/v2\/posts\/979\/revisions\/980"}],"wp:attachment":[{"href":"https:\/\/www.kanaren-virtuell.de\/news\/wp-json\/wp\/v2\/media?parent=979"}],"wp:term":[{"taxonomy":"category","embeddable":true,"href":"https:\/\/www.kanaren-virtuell.de\/news\/wp-json\/wp\/v2\/categories?post=979"},{"taxonomy":"post_tag","embeddable":true,"href":"https:\/\/www.kanaren-virtuell.de\/news\/wp-json\/wp\/v2\/tags?post=979"}],"curies":[{"name":"wp","href":"https:\/\/api.w.org\/{rel}","templated":true}]}}