{"id":983,"date":"2011-08-13T11:47:57","date_gmt":"2011-08-13T09:47:57","guid":{"rendered":"http:\/\/www.kanaren-virtuell.de\/news\/?p=983"},"modified":"2013-10-25T11:48:27","modified_gmt":"2013-10-25T09:48:27","slug":"shopping-und-kulturfestival-in-santa-cruz-de-tenerife","status":"publish","type":"post","link":"https:\/\/www.kanaren-virtuell.de\/news\/shopping-und-kulturfestival-in-santa-cruz-de-tenerife\/","title":{"rendered":"Shopping- und Kulturfestival in Santa Cruz de Tenerife"},"content":{"rendered":"<p><a href=\"http:\/\/www.kanaren-virtuell.de\/teneriffa_2\/orte\/santa.htm\">Santa Cruz de Tenerife, die Hauptstadt der beliebten Kanareninsel Teneriffa<\/a>, hat viele Highlights zu bieten. Ein gro\u00dfer Anziehungspunkt f\u00fcr Touristen ist der <a href=\"http:\/\/www.kanaren-virtuell.de\/teneriffa_2\/orte\/santa_2.htm\">Hafen<\/a>, der als einer der gr\u00f6\u00dften des Atlantiks gilt. Zu den Sehensw\u00fcrdigkeiten der Stadt z\u00e4hlen beispielsweise die Stierkampfarena an der Rambla del General Franco und die Kirche Iglesia de Nuestra Senora de la Concepcion, deren Turm als Wahrzeichen Santa Cruz\u2018 bezeichnet werden kann. Auf der Einkaufsmeile Calle Castillo finden Urlauber zahlreiche Gesch\u00e4fte und gem\u00fctliche Lokale, die zum Verweilen einladen. <\/p>\n<p>Im Rahmen der \u201eSanta Cruz Sal2\u201c findet am 17. September 2011 im historischen Zentrum der Inselhauptstadt ein gro\u00dfes Shopping- und Kulturfestival statt, das die Innenstadt beleben soll. Besucher k\u00f6nnen in rund 150 Zelten nach Schn\u00e4ppchen suchen und ein vielseitiges Kulturangebot genie\u00dfen. <\/p>\n","protected":false},"excerpt":{"rendered":"<p>Santa Cruz de Tenerife, die Hauptstadt der beliebten Kanareninsel Teneriffa, hat viele Highlights zu bieten. Ein gro\u00dfer Anziehungspunkt f\u00fcr Touristen ist der Hafen, der als einer der gr\u00f6\u00dften des Atlantiks gilt. Zu den Sehensw\u00fcrdigkeiten der Stadt z\u00e4hlen beispielsweise die Stierkampfarena an der Rambla del General Franco und die Kirche Iglesia de Nuestra Senora de la [&hellip;]<\/p>\n","protected":false},"author":2,"featured_media":0,"comment_status":"open","ping_status":"open","sticky":false,"template":"","format":"standard","meta":{"footnotes":""},"categories":[2],"tags":[],"class_list":["post-983","post","type-post","status-publish","format-standard","hentry","category-teneriffa"],"_links":{"self":[{"href":"https:\/\/www.kanaren-virtuell.de\/news\/wp-json\/wp\/v2\/posts\/983","targetHints":{"allow":["GET"]}}],"collection":[{"href":"https:\/\/www.kanaren-virtuell.de\/news\/wp-json\/wp\/v2\/posts"}],"about":[{"href":"https:\/\/www.kanaren-virtuell.de\/news\/wp-json\/wp\/v2\/types\/post"}],"author":[{"embeddable":true,"href":"https:\/\/www.kanaren-virtuell.de\/news\/wp-json\/wp\/v2\/users\/2"}],"replies":[{"embeddable":true,"href":"https:\/\/www.kanaren-virtuell.de\/news\/wp-json\/wp\/v2\/comments?post=983"}],"version-history":[{"count":1,"href":"https:\/\/www.kanaren-virtuell.de\/news\/wp-json\/wp\/v2\/posts\/983\/revisions"}],"predecessor-version":[{"id":984,"href":"https:\/\/www.kanaren-virtuell.de\/news\/wp-json\/wp\/v2\/posts\/983\/revisions\/984"}],"wp:attachment":[{"href":"https:\/\/www.kanaren-virtuell.de\/news\/wp-json\/wp\/v2\/media?parent=983"}],"wp:term":[{"taxonomy":"category","embeddable":true,"href":"https:\/\/www.kanaren-virtuell.de\/news\/wp-json\/wp\/v2\/categories?post=983"},{"taxonomy":"post_tag","embeddable":true,"href":"https:\/\/www.kanaren-virtuell.de\/news\/wp-json\/wp\/v2\/tags?post=983"}],"curies":[{"name":"wp","href":"https:\/\/api.w.org\/{rel}","templated":true}]}}