{"id":985,"date":"2011-08-16T11:48:37","date_gmt":"2011-08-16T09:48:37","guid":{"rendered":"http:\/\/www.kanaren-virtuell.de\/news\/?p=985"},"modified":"2013-10-25T11:49:08","modified_gmt":"2013-10-25T09:49:08","slug":"la-palma-laedt-zur-kunsthandwerksmesse","status":"publish","type":"post","link":"https:\/\/www.kanaren-virtuell.de\/news\/la-palma-laedt-zur-kunsthandwerksmesse\/","title":{"rendered":"La Palma l\u00e4dt zur Kunsthandwerksmesse"},"content":{"rendered":"<p>Die Kanareninsel La Palma erfreut sich stets zahlreicher Besucher, die hier nicht nur landschaftliche Idylle, sondern auch ein vielseitiges Kultur- und Unterhaltungsangebot vorfinden. So l\u00e4dt La Palma auch in diesem Jahr wieder zur traditionellen Kunsthandwerksmesse ein, auf der insgesamt 179 Kunsthandwerker ihre Arbeiten vorstellen und zum Kauf anbieten. Noch bis zum 17. August k\u00f6nnen Interesse im Parque Los Alamos de Brena Alta die Produkte bestaunen. Die Messe ist t\u00e4glich von 17 bis 21 Uhr f\u00fcr Besucher ge\u00f6ffnet. <\/p>\n<p>Die Kunsthandwerker von La Palma haben einiges zu bieten. So werden Textilien, Schmuck, Korbflechtarbeiten, sowie T\u00f6pfer- und Lederwaren angeboten. F\u00fcr das leibliche Wohl ist ebenfalls gesorgt, denn 29 St\u00e4nde halten kulinarische Gaumenfreuden bereit. <\/p>\n","protected":false},"excerpt":{"rendered":"<p>Die Kanareninsel La Palma erfreut sich stets zahlreicher Besucher, die hier nicht nur landschaftliche Idylle, sondern auch ein vielseitiges Kultur- und Unterhaltungsangebot vorfinden. So l\u00e4dt La Palma auch in diesem Jahr wieder zur traditionellen Kunsthandwerksmesse ein, auf der insgesamt 179 Kunsthandwerker ihre Arbeiten vorstellen und zum Kauf anbieten. Noch bis zum 17. August k\u00f6nnen Interesse [&hellip;]<\/p>\n","protected":false},"author":2,"featured_media":0,"comment_status":"open","ping_status":"open","sticky":false,"template":"","format":"standard","meta":{"footnotes":""},"categories":[7],"tags":[],"class_list":["post-985","post","type-post","status-publish","format-standard","hentry","category-la-palma"],"_links":{"self":[{"href":"https:\/\/www.kanaren-virtuell.de\/news\/wp-json\/wp\/v2\/posts\/985","targetHints":{"allow":["GET"]}}],"collection":[{"href":"https:\/\/www.kanaren-virtuell.de\/news\/wp-json\/wp\/v2\/posts"}],"about":[{"href":"https:\/\/www.kanaren-virtuell.de\/news\/wp-json\/wp\/v2\/types\/post"}],"author":[{"embeddable":true,"href":"https:\/\/www.kanaren-virtuell.de\/news\/wp-json\/wp\/v2\/users\/2"}],"replies":[{"embeddable":true,"href":"https:\/\/www.kanaren-virtuell.de\/news\/wp-json\/wp\/v2\/comments?post=985"}],"version-history":[{"count":1,"href":"https:\/\/www.kanaren-virtuell.de\/news\/wp-json\/wp\/v2\/posts\/985\/revisions"}],"predecessor-version":[{"id":986,"href":"https:\/\/www.kanaren-virtuell.de\/news\/wp-json\/wp\/v2\/posts\/985\/revisions\/986"}],"wp:attachment":[{"href":"https:\/\/www.kanaren-virtuell.de\/news\/wp-json\/wp\/v2\/media?parent=985"}],"wp:term":[{"taxonomy":"category","embeddable":true,"href":"https:\/\/www.kanaren-virtuell.de\/news\/wp-json\/wp\/v2\/categories?post=985"},{"taxonomy":"post_tag","embeddable":true,"href":"https:\/\/www.kanaren-virtuell.de\/news\/wp-json\/wp\/v2\/tags?post=985"}],"curies":[{"name":"wp","href":"https:\/\/api.w.org\/{rel}","templated":true}]}}