{"id":993,"date":"2011-08-25T11:51:25","date_gmt":"2011-08-25T09:51:25","guid":{"rendered":"http:\/\/www.kanaren-virtuell.de\/news\/?p=993"},"modified":"2013-10-25T11:51:48","modified_gmt":"2013-10-25T09:51:48","slug":"gran-canaria-las-palmas-begeht-ii-festival-cinefood","status":"publish","type":"post","link":"https:\/\/www.kanaren-virtuell.de\/news\/gran-canaria-las-palmas-begeht-ii-festival-cinefood\/","title":{"rendered":"Gran Canaria \u2013 Las Palmas begeht II. Festival \u201cCine+Food\u201d"},"content":{"rendered":"<p>Neben erholsamen <a href=\"http:\/\/www.kanaren-virtuell.de\/gcanaria_2\/orte\/straende-gran-canaria.htm\">Strandbesuchen<\/a> und <a href=\"http:\/\/www.kanaren-virtuell.de\/gcanaria_2\/autotouren\/index-ausflug.htm\">erlebnisreichen Ausfl\u00fcgen<\/a> bringen vor allem die zahlreichen Veranstaltungen sehr viel Abwechslung in den Urlaubsalltag auf Gran Canaria. Ab heute und noch bis zum 28. August 2011 findet im Parque Santa Catalina in <a href=\"http:\/\/www.kanaren-virtuell.de\/gcanaria_2\/orte\/laspalmas.htm\">Las Palmas<\/a> zum zweiten Mal das Festival \u201eCine+Food\u201c statt, das Film-Vergn\u00fcgen und kulinarische Gaumenfreuden auf interessante Art und Weise miteinander verbindet. <\/p>\n<p>Besucher des Festivals d\u00fcrfen sich in diesem Jahr \u00fcber kulinarische Kreationen internationaler K\u00f6che aus 25 L\u00e4ndern freuen. Im Rahmen des viert\u00e4gigen Open-Air-Kinovergn\u00fcgens werden insgesamt 16 Filme gezeigt. So kann man sich w\u00e4hrend eines Films die traditionellen Speisen und erlesene Weine schmecken lassen. <\/p>\n","protected":false},"excerpt":{"rendered":"<p>Neben erholsamen Strandbesuchen und erlebnisreichen Ausfl\u00fcgen bringen vor allem die zahlreichen Veranstaltungen sehr viel Abwechslung in den Urlaubsalltag auf Gran Canaria. Ab heute und noch bis zum 28. August 2011 findet im Parque Santa Catalina in Las Palmas zum zweiten Mal das Festival \u201eCine+Food\u201c statt, das Film-Vergn\u00fcgen und kulinarische Gaumenfreuden auf interessante Art und Weise [&hellip;]<\/p>\n","protected":false},"author":2,"featured_media":0,"comment_status":"open","ping_status":"open","sticky":false,"template":"","format":"standard","meta":{"footnotes":""},"categories":[4],"tags":[],"class_list":["post-993","post","type-post","status-publish","format-standard","hentry","category-gran-canaria"],"_links":{"self":[{"href":"https:\/\/www.kanaren-virtuell.de\/news\/wp-json\/wp\/v2\/posts\/993","targetHints":{"allow":["GET"]}}],"collection":[{"href":"https:\/\/www.kanaren-virtuell.de\/news\/wp-json\/wp\/v2\/posts"}],"about":[{"href":"https:\/\/www.kanaren-virtuell.de\/news\/wp-json\/wp\/v2\/types\/post"}],"author":[{"embeddable":true,"href":"https:\/\/www.kanaren-virtuell.de\/news\/wp-json\/wp\/v2\/users\/2"}],"replies":[{"embeddable":true,"href":"https:\/\/www.kanaren-virtuell.de\/news\/wp-json\/wp\/v2\/comments?post=993"}],"version-history":[{"count":1,"href":"https:\/\/www.kanaren-virtuell.de\/news\/wp-json\/wp\/v2\/posts\/993\/revisions"}],"predecessor-version":[{"id":994,"href":"https:\/\/www.kanaren-virtuell.de\/news\/wp-json\/wp\/v2\/posts\/993\/revisions\/994"}],"wp:attachment":[{"href":"https:\/\/www.kanaren-virtuell.de\/news\/wp-json\/wp\/v2\/media?parent=993"}],"wp:term":[{"taxonomy":"category","embeddable":true,"href":"https:\/\/www.kanaren-virtuell.de\/news\/wp-json\/wp\/v2\/categories?post=993"},{"taxonomy":"post_tag","embeddable":true,"href":"https:\/\/www.kanaren-virtuell.de\/news\/wp-json\/wp\/v2\/tags?post=993"}],"curies":[{"name":"wp","href":"https:\/\/api.w.org\/{rel}","templated":true}]}}